{"id":59,"date":"2025-10-23T20:50:27","date_gmt":"2025-10-23T18:50:27","guid":{"rendered":"https:\/\/www.vereinsring-finthen.de\/index.php\/2023\/06\/05\/beitrag-5-titel\/"},"modified":"2025-10-23T21:22:11","modified_gmt":"2025-10-23T19:22:11","slug":"beitrag-5-titel","status":"publish","type":"post","link":"https:\/\/www.vereinsring-finthen.de\/index.php\/2025\/10\/23\/beitrag-5-titel\/","title":{"rendered":"Vorstand best\u00e4tigt"},"content":{"rendered":"<p>Bei der diesj\u00e4hrigen Mitgliederversammlung am 23.Oktober 2025 im B\u00fcrgerhaus Finthen, wurde der Vorstand best\u00e4tigt.\u00a0<\/p>\n<p>Der Vorsitzende bittet nochmals alle Vereinsvertreter ihre Termine 2026 f\u00fcr das Vereinsringheft bis zum 31.10.2025 zu melden.<\/p>\n<p>J\u00fcrgen Hinkel gab bekannt, dass er noch f\u00fcr eine Wahlperiode, bis 2027, zur Verf\u00fcgung steht.\u00a0<\/p>\n<p>Der alte und neue Vorstand des Finther Vereinsrings (vl), hintere Reihe: Wolfgang Walter und Udo Veit, vorne: Marita Bauer, J\u00fcrgen Hinkel und Irmgard Schmitt\u00a0<\/p>\n\n\n<p><\/p>\n","protected":false},"excerpt":{"rendered":"<p>Mitgliederversammlung am 20.6.2023<\/p>\n","protected":false},"author":1,"featured_media":243,"comment_status":"closed","ping_status":"open","sticky":false,"template":"","format":"standard","meta":{"footnotes":""},"categories":[7],"tags":[4,12,11,10],"class_list":["post-59","post","type-post","status-publish","format-standard","has-post-thumbnail","hentry","category-vorstand","tag-finthen","tag-sport","tag-vereinsring","tag-vorstand"],"_links":{"self":[{"href":"https:\/\/www.vereinsring-finthen.de\/index.php\/wp-json\/wp\/v2\/posts\/59","targetHints":{"allow":["GET"]}}],"collection":[{"href":"https:\/\/www.vereinsring-finthen.de\/index.php\/wp-json\/wp\/v2\/posts"}],"about":[{"href":"https:\/\/www.vereinsring-finthen.de\/index.php\/wp-json\/wp\/v2\/types\/post"}],"author":[{"embeddable":true,"href":"https:\/\/www.vereinsring-finthen.de\/index.php\/wp-json\/wp\/v2\/users\/1"}],"replies":[{"embeddable":true,"href":"https:\/\/www.vereinsring-finthen.de\/index.php\/wp-json\/wp\/v2\/comments?post=59"}],"version-history":[{"count":12,"href":"https:\/\/www.vereinsring-finthen.de\/index.php\/wp-json\/wp\/v2\/posts\/59\/revisions"}],"predecessor-version":[{"id":249,"href":"https:\/\/www.vereinsring-finthen.de\/index.php\/wp-json\/wp\/v2\/posts\/59\/revisions\/249"}],"wp:featuredmedia":[{"embeddable":true,"href":"https:\/\/www.vereinsring-finthen.de\/index.php\/wp-json\/wp\/v2\/media\/243"}],"wp:attachment":[{"href":"https:\/\/www.vereinsring-finthen.de\/index.php\/wp-json\/wp\/v2\/media?parent=59"}],"wp:term":[{"taxonomy":"category","embeddable":true,"href":"https:\/\/www.vereinsring-finthen.de\/index.php\/wp-json\/wp\/v2\/categories?post=59"},{"taxonomy":"post_tag","embeddable":true,"href":"https:\/\/www.vereinsring-finthen.de\/index.php\/wp-json\/wp\/v2\/tags?post=59"}],"curies":[{"name":"wp","href":"https:\/\/api.w.org\/{rel}","templated":true}]}}